{"id":8253,"__str__":"Indica\u00e7\u00e3o n\u00ba 251 de 2022 | Proposi\u00e7\u00e3o apresentada em Plen\u00e1rio | 19/09/2022","link_detail_backend":"/materia/tramitacao/8253","metadata":{},"timestamp":"2022-09-21T16:24:00.497580-03:00","data_tramitacao":"2022-09-19","data_encaminhamento":null,"urgente":false,"turno":"","texto":"Proposi\u00e7\u00e3o Lida em Plen\u00e1rio","data_fim_prazo":null,"ip":"170.239.159.1","ultima_edicao":"2022-09-21T16:23:36.174320-03:00","status":11,"materia":3861,"unidade_tramitacao_local":9,"unidade_tramitacao_destino":10,"user":1}