{"id":7963,"__str__":"Indica\u00e7\u00e3o n\u00ba 168 de 2022 | Proposi\u00e7\u00e3o apresentada em Plen\u00e1rio | 29/08/2022","link_detail_backend":"/materia/tramitacao/7963","metadata":{},"timestamp":"2022-08-30T16:22:37.496728-03:00","data_tramitacao":"2022-08-29","data_encaminhamento":null,"urgente":false,"turno":"","texto":"Proposi\u00e7\u00e3o Lida em Plen\u00e1rio","data_fim_prazo":null,"ip":"179.106.165.233","ultima_edicao":"2022-08-30T16:22:12.160468-03:00","status":11,"materia":3746,"unidade_tramitacao_local":9,"unidade_tramitacao_destino":10,"user":1}