{"id":3823,"__str__":"Requerimento n\u00ba 242 de 2020 | Proposi\u00e7\u00e3o apresentada em Plen\u00e1rio | 21/09/2020","link_detail_backend":"/materia/tramitacao/3823","metadata":{},"timestamp":"2020-09-22T15:02:31.983227-03:00","data_tramitacao":"2020-09-21","data_encaminhamento":null,"urgente":false,"turno":"","texto":"Proposi\u00e7\u00e3o apresentada e aprovada em Plen\u00e1rio.","data_fim_prazo":null,"ip":"138.94.148.14","ultima_edicao":"2020-09-22T15:02:02.141995-03:00","status":11,"materia":2222,"unidade_tramitacao_local":9,"unidade_tramitacao_destino":10,"user":1}