{"id":13027,"__str__":"Veto Integral n\u00ba 2 de 2025 | Proposi\u00e7\u00e3o apresentada em Plen\u00e1rio | 05/08/2025","link_detail_backend":"/materia/tramitacao/13027","metadata":{},"timestamp":"2025-08-06T15:13:14.538886-03:00","data_tramitacao":"2025-08-05","data_encaminhamento":null,"urgente":false,"turno":"","texto":"","data_fim_prazo":null,"ip":"177.52.50.208","ultima_edicao":"2025-08-06T15:12:52.131628-03:00","status":11,"materia":5865,"unidade_tramitacao_local":9,"unidade_tramitacao_destino":10,"user":34}