{"id":1300,"__str__":"Requerimento n\u00ba 276 de 2019 | Proposi\u00e7\u00e3o apresentada em Plen\u00e1rio | 09/09/2019","link_detail_backend":"/materia/tramitacao/1300","metadata":{},"timestamp":"2019-09-11T13:25:56.915192-03:00","data_tramitacao":"2019-09-09","data_encaminhamento":null,"urgente":false,"turno":"","texto":"Proposi\u00e7\u00e3o apresentada e aprovada em Plen\u00e1rio.","data_fim_prazo":null,"ip":"138.94.148.14","ultima_edicao":null,"status":11,"materia":1112,"unidade_tramitacao_local":9,"unidade_tramitacao_destino":10,"user":1}