{"id":6238,"__str__":"Indica\u00e7\u00e3o n\u00ba 33 de 2026","link_detail_backend":"/materia/6238","metadata":{},"numero":33,"ano":2026,"numero_protocolo":59,"data_apresentacao":"2026-02-24","tipo_apresentacao":"E","data_publicacao":null,"numero_origem_externa":"","ano_origem_externa":null,"data_origem_externa":null,"apelido":"","dias_prazo":null,"data_fim_prazo":null,"em_tramitacao":false,"polemica":false,"objeto":"","complementar":false,"ementa":"Indica-se ao Secret\u00e1rio de Obras e a Secret\u00e1ria de Esportes a realiza\u00e7\u00e3o de an\u00e1lise t\u00e9cnica e posterior execu\u00e7\u00e3o de obras de melhorias e revitaliza\u00e7\u00e3o da Pra\u00e7a JK (Sarah Kubitschek), no bairro JK/S\u00e3o Vicente, contemplando os seguintes servi\u00e7os, conforme imagens anexas:\r\n\r\n    1) Reconstru\u00e7\u00e3o, adequa\u00e7\u00e3o ou, se necess\u00e1rio, retirada da Academia ao Ar Livre instalada no local, considerando que parte dos equipamentos encontra-se danificada, oferecendo riscos \u00e0 seguran\u00e7a dos usu\u00e1rios, especialmente crian\u00e7as;\r\n       \r\n    2) Poda preventiva e manuten\u00e7\u00e3o da arboriza\u00e7\u00e3o existente, garantindo a seguran\u00e7a dos frequentadores e a devida preserva\u00e7\u00e3o ambiental;\r\n\r\n    3) Instala\u00e7\u00e3o de bancos em \u00e1reas sombreadas no entorno da pra\u00e7a, bem como recupera\u00e7\u00e3o e melhoria do gramado;\r\n       \r\n    4) Amplia\u00e7\u00e3o e moderniza\u00e7\u00e3o do sistema de ilumina\u00e7\u00e3o p\u00fablica, al\u00e9m da instala\u00e7\u00e3o de c\u00e2meras de monitoramento, visando refor\u00e7ar a seguran\u00e7a e proporcionar maior tranquilidade aos frequentadores.","indexacao":"pra\u00e7a jk s\u00e3o vicente","observacao":"","resultado":"","texto_original":"http://sapl.bomdespacho.mg.leg.br/media/sapl/public/materialegislativa/2026/6238/indicacao_33-2026.pdf","data_ultima_atualizacao":"2026-02-25T14:02:01.981731-03:00","ip":"177.52.50.208","ultima_edicao":"2026-02-25T14:00:35.926953-03:00","tipo":2,"regime_tramitacao":2,"tipo_origem_externa":null,"local_origem_externa":null,"user":1,"anexadas":[],"autores":[52]}