{"id":6117,"__str__":"Requerimento n\u00ba 114 de 2025","link_detail_backend":"/materia/6117","metadata":{},"numero":114,"ano":2025,"numero_protocolo":null,"data_apresentacao":"2025-11-10","tipo_apresentacao":"E","data_publicacao":null,"numero_origem_externa":"","ano_origem_externa":null,"data_origem_externa":null,"apelido":"","dias_prazo":null,"data_fim_prazo":null,"em_tramitacao":false,"polemica":false,"objeto":"","complementar":false,"ementa":"Requer que seja concedida Mo\u00e7\u00e3o de Congratula\u00e7\u00e3o ao Corte do T\u00e3ozico, pelo relevante trabalho de preserva\u00e7\u00e3o da tradi\u00e7\u00e3o, da f\u00e9 e da cultura do Reinado de Nossa Senhora do Ros\u00e1rio em Bom Despacho. O Corte do T\u00e3ozico tem suas ra\u00edzes ligadas em 1908  no Corte do seu pai Apr\u00edgio Bento do Amaral, que, desde 1908, transitou do Mo\u00e7ambique para o Congo a pedido do p\u00e1roco da \u00e9poca. Sebasti\u00e3o Ant\u00f4nio T\u00e3ozico permaneceu por anos no Corte de seu pai, como dan\u00e7ador e depois Capit\u00e3o. Ap\u00f3s breve afastamento em 1992, fundou, em 1994, seu pr\u00f3prio Corte, com apoio essencial de seu irm\u00e3o Pedro Apr\u00edgio e de seu sobrinho Jos\u00e9 Pedro, sanfoneiro. Ao longo de tr\u00eas d\u00e9cadas, o Corte consolidou-se pela devo\u00e7\u00e3o, disciplina e uni\u00e3o familiar. Hoje, sua condu\u00e7\u00e3o conta com o apoio dos Capit\u00e3es: Tiago Jos\u00e9 da Silva, Lucas Amaral Gontijo, Felipe Amaral Gontijo e Jos\u00e9 Felipe dos Santos Silva, al\u00e9m dos filhos e filhas do Capit\u00e3o T\u00e3ozico, que mant\u00eam viva a miss\u00e3o de levar o nome do Corte e de Nossa Senhora por onde passa","indexacao":"mo\u00e7\u00e3o corte t\u00e3ozico","observacao":"","resultado":"","texto_original":"http://sapl.bomdespacho.mg.leg.br/media/sapl/public/materialegislativa/2025/6117/requerimento_114-2025_mocao.pdf","data_ultima_atualizacao":"2025-11-11T15:03:41.660410-03:00","ip":"177.52.50.208","ultima_edicao":"2025-11-11T15:01:27.462875-03:00","tipo":1,"regime_tramitacao":2,"tipo_origem_externa":null,"local_origem_externa":null,"user":1,"anexadas":[],"autores":[48,47,52,54,55,53]}