{"id":5995,"__str__":"Requerimento n\u00ba 83 de 2025","link_detail_backend":"/materia/5995","metadata":{},"numero":83,"ano":2025,"numero_protocolo":478,"data_apresentacao":"2025-09-15","tipo_apresentacao":"E","data_publicacao":null,"numero_origem_externa":"","ano_origem_externa":null,"data_origem_externa":null,"apelido":"","dias_prazo":null,"data_fim_prazo":null,"em_tramitacao":false,"polemica":false,"objeto":"","complementar":false,"ementa":"Requer que seja concedida mo\u00e7\u00e3o de congratula\u00e7\u00e3o aos militares 3\u00ba Sargento Tiago Geraldo de Oliveira, 3\u00ba Sargento Hudson Couto dos Santos e Cabo Iago Vital Beliz\u00e1rio, todos integrantes do 1\u00ba Pelot\u00e3o da 306\u00aa Companhia T\u00e1tico M\u00f3vel do 7\u00ba Batalh\u00e3o de Pol\u00edcia Militar de Minas Gerais. \r\n\r\n\tO motivo da presente mo\u00e7\u00e3o se deve \u00e0 a\u00e7\u00e3o r\u00e1pida, eficiente e exemplar realizada no dia 08 de setembro de 2025, quando, durante patrulhamento no bairro S\u00e3o Vicente, os militares depararam-se com um pai que pedia socorro para sua filha de apenas dois anos, que havia se engasgado. \r\n\r\n\tDe imediato, a equipe prestou os primeiros socorros, realizando a manobra de \u201cheimlich\u201d, logrando \u00eaxito em desobstruir parcialmente as vias respirat\u00f3rias da crian\u00e7a, que ainda apresentava dificuldades para respirar e sinais de convuls\u00e3o. Com preparo t\u00e9cnico e sensibilidade humana, os militares realizaram o transporte da crian\u00e7a at\u00e9 o Pronto Atendimento de Bom Despacho.\r\n\r\n\tNo trajeto, encontraram uma ambul\u00e2ncia do SAMU, ocasi\u00e3o em que a crian\u00e7a recebeu atendimento m\u00e9dico e foi encaminhada para os cuidados necess\u00e1rios. Gra\u00e7as \u00e0 pronta interven\u00e7\u00e3o dos militares, a vida da crian\u00e7a foi preservada.\r\n\r\n\tAssim, por sua dedica\u00e7\u00e3o, coragem e profissionalismo, \u00e9 justo que esta Casa Legislativa reconhe\u00e7a publicamente os militares que honraram sua farda e valorizaram o nome da Pol\u00edcia Militar e de Bom Despacho.","indexacao":"CONGRATULA\u00c7\u00c3O SARGENTO TIAGO","observacao":"","resultado":"","texto_original":"http://sapl.bomdespacho.mg.leg.br/media/sapl/public/materialegislativa/2025/5995/requerimento_83-2025_mocao.pdf","data_ultima_atualizacao":"2025-09-16T13:34:38.287044-03:00","ip":"177.52.50.208","ultima_edicao":"2025-09-16T13:33:16.545517-03:00","tipo":1,"regime_tramitacao":2,"tipo_origem_externa":null,"local_origem_externa":null,"user":1,"anexadas":[],"autores":[47,52,54,55,50,49,51]}