{"id":5842,"__str__":"Indica\u00e7\u00e3o n\u00ba 308 de 2025","link_detail_backend":"/materia/5842","metadata":{},"numero":308,"ano":2025,"numero_protocolo":358,"data_apresentacao":"2025-08-05","tipo_apresentacao":"E","data_publicacao":null,"numero_origem_externa":"","ano_origem_externa":null,"data_origem_externa":null,"apelido":"","dias_prazo":null,"data_fim_prazo":null,"em_tramitacao":false,"polemica":false,"objeto":"","complementar":false,"ementa":"O vereador ora signat\u00e1rio vem perante esta Pasta, indicar ao Prefeito Municipal ou secretaria competente: Que seja feito uma an\u00e1lise e interven\u00e7\u00e3o na estrutura da entrada da recep\u00e7\u00e3o do Posto de Sa\u00fade da Fam\u00edlia (PSF) localizado no Bairro de F\u00e1tima, tendo em vista a forte incid\u00eancia de sol que atinge diretamente essa \u00e1rea durante boa parte do dia.","indexacao":"posto de sa\u00fade f\u00e1tima","observacao":"","resultado":"","texto_original":"http://sapl.bomdespacho.mg.leg.br/media/sapl/public/materialegislativa/2025/5842/indicacao_308-2025.pdf","data_ultima_atualizacao":"2025-08-06T13:03:52.261117-03:00","ip":"177.52.50.208","ultima_edicao":"2025-08-06T13:02:00.978937-03:00","tipo":2,"regime_tramitacao":2,"tipo_origem_externa":null,"local_origem_externa":null,"user":1,"anexadas":[],"autores":[51]}