{"id":5622,"__str__":"Indica\u00e7\u00e3o n\u00ba 160 de 2025","link_detail_backend":"/materia/5622","metadata":{},"numero":160,"ano":2025,"numero_protocolo":170,"data_apresentacao":"2025-04-28","tipo_apresentacao":"E","data_publicacao":null,"numero_origem_externa":"","ano_origem_externa":null,"data_origem_externa":null,"apelido":"","dias_prazo":null,"data_fim_prazo":null,"em_tramitacao":false,"polemica":false,"objeto":"","complementar":false,"ementa":"O vereador ora signat\u00e1rio vem perante esta Pasta, requerer, ao Secret\u00e1rio de Meio Ambiente que avalie a viabilidade da instala\u00e7\u00e3o de ca\u00e7ambas contentoras de lixo em pontos estrat\u00e9gicos nos arredores da pra\u00e7a da Matriz, Centro. Sendo um dos pontos na rua paralela ao lado da loja global.","indexacao":"ca\u00e7ambas lixo matriz","observacao":"","resultado":"","texto_original":"http://sapl.bomdespacho.mg.leg.br/media/sapl/public/materialegislativa/2025/5622/indicacao_160-25.pdf","data_ultima_atualizacao":"2025-04-29T17:00:23.493451-03:00","ip":"177.52.50.208","ultima_edicao":"2025-04-29T16:59:26.726266-03:00","tipo":2,"regime_tramitacao":2,"tipo_origem_externa":null,"local_origem_externa":null,"user":1,"anexadas":[],"autores":[51]}