{"id":5292,"__str__":"Requerimento n\u00ba 47 de 2024","link_detail_backend":"/materia/5292","metadata":{},"numero":47,"ano":2024,"numero_protocolo":85,"data_apresentacao":"2024-04-29","tipo_apresentacao":"E","data_publicacao":null,"numero_origem_externa":"","ano_origem_externa":null,"data_origem_externa":null,"apelido":"","dias_prazo":null,"data_fim_prazo":null,"em_tramitacao":false,"polemica":false,"objeto":"","complementar":false,"ementa":"Requer que seja concedida mo\u00e7\u00e3o de congratula\u00e7\u00e3o a ser encaminhada a todas as Equipes de Sa\u00fade e terceirizada da Unidade b\u00e1sica de Sa\u00fade (UBS) Aeroporto/S\u00e3o Vicente.\r\n\r\n \tAo longo dos anos, voc\u00eas t\u00eam sido uma fonte constante de apoio, cuidado e compaix\u00e3o para toda a comunidade. Seja fornecendo cuidados m\u00e9dicos de qualidade, orienta\u00e7\u00f5es e educa\u00e7\u00e3o em sa\u00fade, ou simplesmente ofertando um sorriso acolhedor.","indexacao":"MO\u00c7\u00c3O CONGRATULA\u00c7\u00c3O UBS AEROPORTO S\u00c3O VICENTE","observacao":"","resultado":"","texto_original":"http://sapl.bomdespacho.mg.leg.br/media/sapl/public/materialegislativa/2024/5292/requerimento_47_mocao.pdf","data_ultima_atualizacao":"2024-04-30T12:54:01.547629-03:00","ip":"177.86.203.13","ultima_edicao":"2024-04-30T12:52:08.821842-03:00","tipo":1,"regime_tramitacao":2,"tipo_origem_externa":null,"local_origem_externa":null,"user":1,"anexadas":[],"autores":[44,33,38]}