{"id":5167,"__str__":"Indica\u00e7\u00e3o n\u00ba 8 de 2024","link_detail_backend":"/materia/5167","metadata":{},"numero":8,"ano":2024,"numero_protocolo":19,"data_apresentacao":"2024-02-19","tipo_apresentacao":"E","data_publicacao":null,"numero_origem_externa":"","ano_origem_externa":null,"data_origem_externa":null,"apelido":"","dias_prazo":null,"data_fim_prazo":null,"em_tramitacao":false,"polemica":false,"objeto":"","complementar":false,"ementa":"O Vereador subscritor, com assento nesta Casa Legislativa, amparado no art. 141 do Regimento Interno e no art. 71 da Lei Org\u00e2nica Municipal e demais dispositivos legais, vem perante Vossa Excel\u00eancia solicitar que seja enviada ao Sr. Prefeito Municipal de Bom Despacho, Dr. Bertolino da Costa Neto a seguinte indica\u00e7\u00e3o:\r\n\r\nIndica ao Exmo. Sr. Prefeito Municipal que utilize o espa\u00e7o do Sesc para a instala\u00e7\u00e3o da unidade do Instituto Federal de Educa\u00e7\u00e3o, Ci\u00eancia e Tecnologia. \r\n\r\nA presente indica\u00e7\u00e3o tem por objetivo sugerir a possibilidade de ceder esse espa\u00e7o para a instala\u00e7\u00e3o do Instituto Federal (IF) que beneficiar\u00e1 significativamente nossa comunidade e aprimorar\u00e1 as oportunidades educacionais dispon\u00edveis para nossos cidad\u00e3os. Considerando o amplo espa\u00e7o dispon\u00edvel nas instala\u00e7\u00f5es do Sesc.","indexacao":"INSTALA\u00c7\u00c3O INSTITUTO FEDERAL DE EDUCA\u00c7\u00c3O SESC","observacao":"","resultado":"","texto_original":"http://sapl.bomdespacho.mg.leg.br/media/sapl/public/materialegislativa/2024/5167/indciacao_08.pdf","data_ultima_atualizacao":"2024-02-20T12:38:48.528353-03:00","ip":"177.86.203.13","ultima_edicao":"2024-02-20T12:36:45.485385-03:00","tipo":2,"regime_tramitacao":2,"tipo_origem_externa":null,"local_origem_externa":null,"user":1,"anexadas":[],"autores":[33]}