{"id":510,"__str__":"Indica\u00e7\u00e3o n\u00ba 336 de 2019","link_detail_backend":"/materia/510","metadata":{},"numero":336,"ano":2019,"numero_protocolo":159,"data_apresentacao":"2019-06-10","tipo_apresentacao":"E","data_publicacao":null,"numero_origem_externa":"","ano_origem_externa":null,"data_origem_externa":null,"apelido":"","dias_prazo":null,"data_fim_prazo":null,"em_tramitacao":true,"polemica":null,"objeto":"","complementar":null,"ementa":"Indica\u00e7\u00e3o n\u00ba _____/2019\r\n\r\n\r\n\tSenhora Presidente,\r\n\r\n\r\n\tA Vereadora que este subscreve, com assento nesta Casa Legislativa, vem perante Vossa Excel\u00eancia, amparados no art. 141 do Regimento Interno c/c artigo 71 da Lei Org\u00e2nica Municipal e demais disposi\u00e7\u00f5es legais, solicitar a leitura e o encaminhamento ao Sr. Juliano Barreto, Excelent\u00edssimo Secret\u00e1rio de obras da seguinte INDICA\u00c7\u00c3O:\r\n\t\r\n\tQue seja verificada a possibilidade de afixar placas de \u201cProibido Estacionar\u201d em ambos os lados da Rua da Biquinha, no trecho localizado entre as Avenida 1\u00ba de Junho e Travessa Doutor Miguel Gontijo.\r\n\t\t\r\nJUSTIFICATIVA:\r\n\r\n\tEsta vereadora foi procurada pelo Senhor Geraldo Francisco de Souza, residente neste trecho, oportunidade em que ele alegou que a referida via \u00e9 muito estreita e alguns motoristas est\u00e3o estacionando ve\u00edculos nesta via, o que tem impedido o tr\u00e2nsito de outros ve\u00edculos, inclusive, que os moradores daquele trecho coloquem seus ve\u00edculos nas pr\u00f3prias garagens. Tal medida dar\u00e1 maior fluidez ao transito, inclusive, possibilitando maior conforto aos moradores daquela regi\u00e3o.\r\n\r\n \r\n\tBom Despacho, 06 de junho de 2019.\r\n\r\n\r\nVereadora Rose Delegada","indexacao":"","observacao":"","resultado":"","texto_original":"http://sapl.bomdespacho.mg.leg.br/media/sapl/public/materialegislativa/2019/510/indicacao_336.pdf","data_ultima_atualizacao":"2019-06-11T13:41:53.350386-03:00","ip":"138.94.148.14","ultima_edicao":null,"tipo":2,"regime_tramitacao":2,"tipo_origem_externa":null,"local_origem_externa":null,"user":1,"anexadas":[],"autores":[8]}