{"id":488,"__str__":"Indica\u00e7\u00e3o n\u00ba 321 de 2019","link_detail_backend":"/materia/488","metadata":{},"numero":321,"ano":2019,"numero_protocolo":143,"data_apresentacao":"2019-06-03","tipo_apresentacao":"E","data_publicacao":null,"numero_origem_externa":"","ano_origem_externa":null,"data_origem_externa":null,"apelido":"","dias_prazo":null,"data_fim_prazo":null,"em_tramitacao":true,"polemica":null,"objeto":"","complementar":null,"ementa":"Senhora Presidente,\r\n\r\n\r\n\tA Vereadora que este subscreve, com assento nesta Casa Legislativa, vem perante Vossa Excel\u00eancia, amparados no art. 141 do Regimento Interno c/c artigo 71 da Lei Org\u00e2nica Municipal e demais disposi\u00e7\u00f5es legais, solicitar a leitura e o encaminhamento ao Sr. Juliano Barreto, Secret\u00e1rio Municipal de Obras.\r\n.\r\n\r\n\t\tINDICA\u00c7\u00c3O:\r\n\t\r\n\tQue seja realizada uma opera\u00e7\u00e3o tapa buracos na Rua Gabriel Tavares, Bairro de F\u00e1tima.\r\n\r\n\r\n\r\n\t\tJUSTIFICATIVA:\r\n\r\n\tEm reuni\u00e3o da C\u00e2mara Jovem realizada no dia 30 de maio de 2019, o vereador Daniel Cort\u00eas apresentou esta reinvindica\u00e7\u00e3o, sob o argumento de que os buracos est\u00e3o colocando em risco os pedestres e motoristas que utilizam aquela via.\r\n\r\n\r\n\tBom Despacho, 02 de junho de 2019.","indexacao":"","observacao":"","resultado":"","texto_original":"http://sapl.bomdespacho.mg.leg.br/media/sapl/public/materialegislativa/2019/488/indicacao__camara_jovem_daniel_um.docx","data_ultima_atualizacao":"2019-06-06T14:36:44.060371-03:00","ip":"138.94.148.14","ultima_edicao":null,"tipo":2,"regime_tramitacao":2,"tipo_origem_externa":null,"local_origem_externa":null,"user":1,"anexadas":[],"autores":[8]}