{"id":470,"__str__":"Indica\u00e7\u00e3o n\u00ba 353 de 2019","link_detail_backend":"/materia/470","metadata":{},"numero":353,"ano":2019,"numero_protocolo":125,"data_apresentacao":"2019-05-20","tipo_apresentacao":"","data_publicacao":null,"numero_origem_externa":"","ano_origem_externa":null,"data_origem_externa":null,"apelido":"","dias_prazo":null,"data_fim_prazo":null,"em_tramitacao":true,"polemica":null,"objeto":"","complementar":null,"ementa":"Senhora Presidente,\r\n\r\n\r\n\tA Vereadora que este subscreve, com assento nesta Casa Legislativa, vem perante Vossa Excel\u00eancia, amparados no art. 141 do Regimento Interno c/c artigo 71 da Lei Org\u00e2nica Municipal e demais disposi\u00e7\u00f5es legais, solicitar a leitura e o encaminhamento ao Sr. Juliano Barreto, Excelent\u00edssimo Secret\u00e1rio de Tr\u00e2nsito e Obras, a seguinte INDICA\u00c7\u00c3O:\r\n\r\n\r\n\tConstru\u00e7\u00e3o de quatro redutores de velocidade em pontos estrat\u00e9gicos do Bairro Belvedere;\r\n        Confec\u00e7\u00e3o e instala\u00e7\u00e3o de sinaliza\u00e7\u00e3o vertical e horizontal, indicando velocidade permitida, proibi\u00e7\u00e3o de estacionamento, pare, etc...\r\n\r\n\r\n\r\n\t\tJUSTIFICATIVA:\r\n\r\n\tMoradores daquela regi\u00e3o procuraram esta vereadora e trouxeram as referidas reivindica\u00e7\u00f5es, argumentando que a aus\u00eancia de sinaliza\u00e7\u00e3o e redutores de velocidade est\u00e3o colocando em risco a vida dos moradores, principalmente de crian\u00e7as e idosos, pois  os condutores de ve\u00edculos, que por ali trafegam, t\u00eam imprimido alta velocidade.\r\n\r\n\r\n\tBom Despacho, 20 de maio de 2019.","indexacao":"","observacao":"","resultado":"","texto_original":"http://sapl.bomdespacho.mg.leg.br/media/sapl/public/materialegislativa/2019/470/indicacao_belvedere_1.docx","data_ultima_atualizacao":"2019-05-29T12:51:03.622810-03:00","ip":"","ultima_edicao":null,"tipo":2,"regime_tramitacao":2,"tipo_origem_externa":null,"local_origem_externa":null,"user":null,"anexadas":[],"autores":[8]}