{"id":4399,"__str__":"Projeto de Resolu\u00e7\u00e3o n\u00ba 6 de 2018","link_detail_backend":"/materia/4399","metadata":{},"numero":6,"ano":2018,"numero_protocolo":null,"data_apresentacao":"2018-02-15","tipo_apresentacao":"","data_publicacao":null,"numero_origem_externa":"","ano_origem_externa":null,"data_origem_externa":null,"apelido":"","dias_prazo":null,"data_fim_prazo":null,"em_tramitacao":false,"polemica":false,"objeto":"","complementar":false,"ementa":"Concede Pr\u00eamio Mulher Destaque - Tributo \u00e0 mulher bondespachense \u00e0 Maria Ana da Concei\u00e7\u00e3o Branco Mendes","indexacao":"Pr\u00eamio, Mulher Destaque, Maria Ana da Concei\u00e7\u00e3o Branco Mendes","observacao":"","resultado":"","texto_original":"http://sapl.bomdespacho.mg.leg.br/media/sapl/public/materialegislativa/2018/4399/06.pdf","data_ultima_atualizacao":"2023-05-19T13:51:55.027193-03:00","ip":"177.86.203.13","ultima_edicao":"2023-05-19T13:38:25.800627-03:00","tipo":8,"regime_tramitacao":2,"tipo_origem_externa":null,"local_origem_externa":null,"user":1,"anexadas":[],"autores":[5]}