{"id":4187,"__str__":"Requerimento n\u00ba 38 de 2023","link_detail_backend":"/materia/4187","metadata":{},"numero":38,"ano":2023,"numero_protocolo":55,"data_apresentacao":"2023-03-20","tipo_apresentacao":"","data_publicacao":null,"numero_origem_externa":"","ano_origem_externa":null,"data_origem_externa":null,"apelido":"","dias_prazo":null,"data_fim_prazo":null,"em_tramitacao":false,"polemica":false,"objeto":"","complementar":false,"ementa":"Requerem que seja concedida uma mo\u00e7\u00e3o de congratula\u00e7\u00e3o a todos os envolvidos nos setores: pedag\u00f3gico, administrativo e terceirizado do CEMEI Dona Liquinha, em virtude dos excelentes servi\u00e7os de educa\u00e7\u00e3o prestados para a comunidade do Bairro S\u00e3o Vicente.","indexacao":"MO\u00c7\u00c3O PEDAG\u00d3GICO CEMEI","observacao":"","resultado":"","texto_original":"http://sapl.bomdespacho.mg.leg.br/media/sapl/public/materialegislativa/2023/4187/requerimento_38_mocao.pdf","data_ultima_atualizacao":"2023-04-05T13:10:26.435843-03:00","ip":"177.86.203.13","ultima_edicao":"2023-04-05T13:09:13.175941-03:00","tipo":1,"regime_tramitacao":2,"tipo_origem_externa":null,"local_origem_externa":null,"user":1,"anexadas":[],"autores":[44,33,37,38]}