{"id":4185,"__str__":"Requerimento n\u00ba 36 de 2023","link_detail_backend":"/materia/4185","metadata":{},"numero":36,"ano":2023,"numero_protocolo":53,"data_apresentacao":"2023-03-20","tipo_apresentacao":"","data_publicacao":null,"numero_origem_externa":"","ano_origem_externa":null,"data_origem_externa":null,"apelido":"","dias_prazo":null,"data_fim_prazo":null,"em_tramitacao":false,"polemica":false,"objeto":"","complementar":false,"ementa":"Requerem ao Secret\u00e1rio de Desenvolvimento que preste as seguintes informa\u00e7\u00f5es: O CRAS Babil\u00f4nia possui coordenador? Em caso positivo informar o nome do Coordenador. Caso a fun\u00e7\u00e3o de coordena\u00e7\u00e3o do CRAS Babil\u00f4nia esteja sendo exercida pela Gerente, informar qual o fundamento legal para o ac\u00famulo de fun\u00e7\u00f5es? JUSTIFICATIVA: As informa\u00e7\u00f5es solicitadas integram as a\u00e7\u00f5es de fiscaliza\u00e7\u00e3o realizadas pelas vereadoras subscritoras.","indexacao":"CRAS BABIL\u00d4NIA COORDENADOR","observacao":"","resultado":"","texto_original":"http://sapl.bomdespacho.mg.leg.br/media/sapl/public/materialegislativa/2023/4185/requerimento_36.pdf","data_ultima_atualizacao":"2023-04-05T12:56:42.855093-03:00","ip":"177.86.203.13","ultima_edicao":"2023-04-05T12:54:02.078812-03:00","tipo":1,"regime_tramitacao":2,"tipo_origem_externa":null,"local_origem_externa":null,"user":1,"anexadas":[],"autores":[44,37,38]}