{"id":4168,"__str__":"Indica\u00e7\u00e3o n\u00ba 20 de 2023","link_detail_backend":"/materia/4168","metadata":{},"numero":20,"ano":2023,"numero_protocolo":37,"data_apresentacao":"2023-03-06","tipo_apresentacao":"","data_publicacao":null,"numero_origem_externa":"","ano_origem_externa":null,"data_origem_externa":null,"apelido":"","dias_prazo":null,"data_fim_prazo":null,"em_tramitacao":false,"polemica":false,"objeto":"","complementar":false,"ementa":"Indicamos ao Exmo. Prefeito Municipal a an\u00e1lise e envio do anteprojeto de lei anexo a fim de instituir a Pol\u00edtica Municipal de Educa\u00e7\u00e3o Especial na perspectiva da educa\u00e7\u00e3o inclusiva no \u00e2mbito Rede Municipal de Educa\u00e7\u00e3o de Bom Despacho.","indexacao":"pol\u00edtica educa\u00e7\u00e3o especial","observacao":"","resultado":"","texto_original":"http://sapl.bomdespacho.mg.leg.br/media/sapl/public/materialegislativa/2023/4168/indicacao_20.pdf","data_ultima_atualizacao":"2023-04-11T14:55:16.859585-03:00","ip":"177.86.203.13","ultima_edicao":"2023-04-11T14:55:16.160451-03:00","tipo":2,"regime_tramitacao":2,"tipo_origem_externa":null,"local_origem_externa":null,"user":1,"anexadas":[],"autores":[44,33,37,38,39]}