{"id":4125,"__str__":"Indica\u00e7\u00e3o n\u00ba 6 de 2023","link_detail_backend":"/materia/4125","metadata":{},"numero":6,"ano":2023,"numero_protocolo":6,"data_apresentacao":"2023-02-13","tipo_apresentacao":"E","data_publicacao":null,"numero_origem_externa":"","ano_origem_externa":null,"data_origem_externa":null,"apelido":"","dias_prazo":null,"data_fim_prazo":null,"em_tramitacao":false,"polemica":false,"objeto":"","complementar":false,"ementa":"Reitera as indica\u00e7\u00f5es 428/2021 e 25/2022 \u00e0 Secret\u00e1ria de Educa\u00e7\u00e3o que seja tomada provid\u00eancias ao transporte escolar dos alunos dos Bairros Sime\u00e3o Ferreira, Nossa Senhora Aparecida e Jardins que estudem na E.E. Coronel Eg\u00eddio Ben\u00edcio de Abreu.\r\nJUSTIFICATIVA: \r\nA prefeitura tem promovido o transporte dos alunos dos bairros mencionados apenas para as escolas Jo\u00e3o Dornas, Wilson Lopes e Miguel Gontijo. Contudo, tem se dado negativas a transportar estes alunos para a E.E. Coronel Eg\u00eddio Ben\u00edcio de Abreu.","indexacao":"transporte sime\u00e3o coronel eg\u00eddio","observacao":"","resultado":"","texto_original":"http://sapl.bomdespacho.mg.leg.br/media/sapl/public/materialegislativa/2023/4125/indicacao_06.pdf","data_ultima_atualizacao":"2023-04-04T15:01:50.006605-03:00","ip":"177.86.203.13","ultima_edicao":"2023-04-04T15:01:33.442603-03:00","tipo":2,"regime_tramitacao":2,"tipo_origem_externa":null,"local_origem_externa":null,"user":1,"anexadas":[],"autores":[44,37,38]}