{"id":3920,"__str__":"Indica\u00e7\u00e3o n\u00ba 278 de 2022","link_detail_backend":"/materia/3920","metadata":{},"numero":278,"ano":2022,"numero_protocolo":155,"data_apresentacao":"2022-10-10","tipo_apresentacao":"E","data_publicacao":null,"numero_origem_externa":"","ano_origem_externa":null,"data_origem_externa":null,"apelido":"","dias_prazo":null,"data_fim_prazo":null,"em_tramitacao":false,"polemica":false,"objeto":"","complementar":false,"ementa":"Indicamos ao Presidente da C\u00e2mara que seja substitu\u00edda at\u00e9 o final do m\u00eas de outubro a ilumina\u00e7\u00e3o da Pra\u00e7a da C\u00e2mara Municipal de Bom Despacho para luzes de cor rosa em virtude da campanha Outubro Rosa. \r\n\r\nA presente indica\u00e7\u00e3o se faz necess\u00e1ria, pois, neste m\u00eas realizamos in\u00fameras campanhas de preven\u00e7\u00e3o \u00e0s mulheres e a sociedade sobre a import\u00e2ncia de preven\u00e7\u00e3o do diagn\u00f3stico do c\u00e2ncer de mama. Logo, diante da representatividade e localiza\u00e7\u00e3o desta Casa Legislativa, realizar tal campanha seria de extrema import\u00e2ncia educativa a todos os mun\u00edcipes que passarem ao redor da C\u00e2mara demonstrando o empenho de todos os servidores e demais vereadores com a causa.","indexacao":"ilumina\u00e7\u00e3o rosa pra\u00e7a c\u00e2mara","observacao":"","resultado":"","texto_original":"http://sapl.bomdespacho.mg.leg.br/media/sapl/public/materialegislativa/2022/3920/indicacao_278.pdf","data_ultima_atualizacao":"2022-10-11T17:09:53.414523-03:00","ip":"170.239.159.222","ultima_edicao":"2022-10-11T17:06:01.732778-03:00","tipo":2,"regime_tramitacao":2,"tipo_origem_externa":null,"local_origem_externa":null,"user":1,"anexadas":[],"autores":[33]}