{"id":3894,"__str__":"Requerimento n\u00ba 133 de 2022","link_detail_backend":"/materia/3894","metadata":{},"numero":133,"ano":2022,"numero_protocolo":138,"data_apresentacao":"2022-09-26","tipo_apresentacao":"","data_publicacao":null,"numero_origem_externa":"","ano_origem_externa":null,"data_origem_externa":null,"apelido":"","dias_prazo":null,"data_fim_prazo":null,"em_tramitacao":false,"polemica":false,"objeto":"","complementar":false,"ementa":"Solicitamos ao Secret\u00e1rio de Desenvolvimento Social que preste as seguintes informa\u00e7\u00f5es: O CRAS Babil\u00f4nia possui quantas fam\u00edlias referenciadas? Quais os profissionais e suas respectivas categorias de n\u00edvel superior comp\u00f5em a equipe?\r\nJUSTIFICATIVA: De acordo com relatos de cidad\u00e3os n\u00e3o est\u00e1 havendo alguns profissionais. A fim de responder aos cidad\u00e3os que nos procuraram, gostar\u00edamos de ter essas informa\u00e7\u00f5es.","indexacao":"CRAS BABIL\u00d4NIA PROFISSIONAIS","observacao":"","resultado":"","texto_original":"http://sapl.bomdespacho.mg.leg.br/media/sapl/public/materialegislativa/2022/3894/requerimento_133.pdf","data_ultima_atualizacao":"2022-09-27T17:09:18.108283-03:00","ip":"179.106.165.106","ultima_edicao":"2022-09-27T17:09:17.972380-03:00","tipo":1,"regime_tramitacao":2,"tipo_origem_externa":null,"local_origem_externa":null,"user":1,"anexadas":[],"autores":[44,37,38]}