{"id":3833,"__str__":"Requerimento n\u00ba 118 de 2022","link_detail_backend":"/materia/3833","metadata":{},"numero":118,"ano":2022,"numero_protocolo":87,"data_apresentacao":"2022-09-12","tipo_apresentacao":"","data_publicacao":null,"numero_origem_externa":"","ano_origem_externa":null,"data_origem_externa":null,"apelido":"","dias_prazo":null,"data_fim_prazo":null,"em_tramitacao":false,"polemica":false,"objeto":"","complementar":false,"ementa":"Requer, nos termos do art. 143, do Regimento Interno, seja concedida mo\u00e7\u00e3o ao Sr. Arnaldo Silva para manifestar congratula\u00e7\u00e3o desta C\u00e2mara em virtude da publica\u00e7\u00e3o de obra de sua autoria denominada \u201cEm ber\u00e7os de Cuit\u00e9 \u2013 A Culin\u00e1ria Mineira do S\u00e9culo XVIII, XIX e XX\u201d.","indexacao":"MO\u00c7\u00c3O CONGRATULA\u00c7\u00c3O ARNALDO","observacao":"","resultado":"","texto_original":"http://sapl.bomdespacho.mg.leg.br/media/sapl/public/materialegislativa/2022/3833/requerimento_118.pdf","data_ultima_atualizacao":"2022-09-13T16:20:31.846408-03:00","ip":"170.239.159.206","ultima_edicao":"2022-09-13T16:19:38.253163-03:00","tipo":1,"regime_tramitacao":2,"tipo_origem_externa":null,"local_origem_externa":null,"user":1,"anexadas":[],"autores":[6]}