{"id":3751,"__str__":"Indica\u00e7\u00e3o n\u00ba 173 de 2022","link_detail_backend":"/materia/3751","metadata":{},"numero":173,"ano":2022,"numero_protocolo":null,"data_apresentacao":"2022-08-29","tipo_apresentacao":"E","data_publicacao":null,"numero_origem_externa":"","ano_origem_externa":null,"data_origem_externa":null,"apelido":"","dias_prazo":null,"data_fim_prazo":null,"em_tramitacao":false,"polemica":false,"objeto":"","complementar":false,"ementa":"Indico ao Prefeito Municipal que fa\u00e7a doa\u00e7\u00e3o do espa\u00e7o p\u00fablico que j\u00e1 foi destinado a Escola Agr\u00edcola, FEBEM que est\u00e1 sendo utilizado como dep\u00f3sito do Executivo, com ac\u00famulo de objetos escolares, pneus, de forma que o pr\u00e9dio est\u00e1 condenado a demoli\u00e7\u00e3o, bem como podemos destinar o espa\u00e7o para uma institui\u00e7\u00e3o estadual ou federal que possa desenvolver pr\u00e1ticas de cursos t\u00e9cnicos ou superiores como Zootecnia, Medicina Veterin\u00e1ria, Engenharia Ambiental e Florestal.","indexacao":"DOA\u00c7\u00c3O ESCOLA AGR\u00cdCOLA FEBEM","observacao":"","resultado":"","texto_original":"http://sapl.bomdespacho.mg.leg.br/media/sapl/public/materialegislativa/2022/3751/indicacao_173.pdf","data_ultima_atualizacao":"2022-08-30T16:37:18.267239-03:00","ip":"179.106.165.233","ultima_edicao":"2022-08-30T16:35:11.590663-03:00","tipo":2,"regime_tramitacao":2,"tipo_origem_externa":null,"local_origem_externa":null,"user":1,"anexadas":[],"autores":[33]}