{"id":344,"__str__":"Requerimento n\u00ba 55 de 2019","link_detail_backend":"/materia/344","metadata":{},"numero":55,"ano":2019,"numero_protocolo":78,"data_apresentacao":"2019-02-25","tipo_apresentacao":"","data_publicacao":null,"numero_origem_externa":"","ano_origem_externa":null,"data_origem_externa":null,"apelido":"","dias_prazo":null,"data_fim_prazo":null,"em_tramitacao":true,"polemica":null,"objeto":"","complementar":null,"ementa":"Requerimento n\u00ba \u00ac\u00ac\u00ac_____/2019\r\n\r\n\r\n\tSenhor Presidente,\r\n\r\n\r\n\tA vereadora que este subscreve, com assento nesta Casa Legislativa, vem perante Vossa Excel\u00eancia, amparados no art. 111 do Regimento Interno c/c artigo 71 da Lei Org\u00e2nica Municipal e demais disposi\u00e7\u00f5es legais, solicitar a inclus\u00e3o do presente requerimento para aprecia\u00e7\u00e3o e vota\u00e7\u00e3o do Plen\u00e1rio, e se aprovado, seja enviado ao Sr. Prefeito, Fernando Jose de Castro Cabral, of\u00edcio  solicitando as seguintes informa\u00e7\u00f5es:\r\n\r\n1)\tEm que fase  est\u00e1 o processo para constru\u00e7\u00e3o da UBS tipo 2, Ros\u00e1rio? O projeto arquitet\u00f4nico e o cronograma de execu\u00e7\u00e3o foram elaborados? Quando ser\u00e1 realizada a licita\u00e7\u00e3o? Qual a previs\u00e3o para iniciar e concluir a obra?\r\n\t\t\r\nJUSTIFICATIVA:\r\n          Trata-se de atender a fun\u00e7\u00e3o fiscalizadora e a fun\u00e7\u00e3o intermediadora entre o Poder Executivo e o cidad\u00e3o. Esta vereadora foi procurada por diversos moradores daquelas imedia\u00e7\u00f5es que solicitaram tais informa\u00e7\u00f5es, haja vista que o deputado federal, Eduardo Barbosa, destinou uma verba de 748.000,00(setecentos e quarenta e oito mil reais) para a referida obra. \r\n\t    \tBom Despacho, 21 de fevereiro de 2019.\r\n\r\nVereadora Rose Delegada","indexacao":"","observacao":"","resultado":"","texto_original":"http://sapl.bomdespacho.mg.leg.br/media/sapl/public/materialegislativa/2019/344/requerimento_ubs_rosario.docx","data_ultima_atualizacao":"2019-03-21T13:23:00.279547-03:00","ip":"","ultima_edicao":null,"tipo":1,"regime_tramitacao":2,"tipo_origem_externa":null,"local_origem_externa":null,"user":null,"anexadas":[],"autores":[8]}