{"id":3243,"__str__":"Indica\u00e7\u00e3o n\u00ba 429 de 2021","link_detail_backend":"/materia/3243","metadata":{},"numero":429,"ano":2021,"numero_protocolo":null,"data_apresentacao":"2021-11-08","tipo_apresentacao":"E","data_publicacao":null,"numero_origem_externa":"","ano_origem_externa":null,"data_origem_externa":null,"apelido":"","dias_prazo":null,"data_fim_prazo":null,"em_tramitacao":false,"polemica":false,"objeto":"","complementar":false,"ementa":"Indica \u00e0 Secret\u00e1ria de Educa\u00e7\u00e3o a implanta\u00e7\u00e3o de uma creche na regi\u00e3o do \u201cArraial\u201d a fim de atender a popula\u00e7\u00e3o residente nos bairros S\u00e3o Jos\u00e9, Jardim Am\u00e9rica, Dom Joaquim e Gameleira.","indexacao":"creche arraial jos\u00e9 jardim joaquim gameleira","observacao":"","resultado":"","texto_original":"http://sapl.bomdespacho.mg.leg.br/media/sapl/public/materialegislativa/2021/3243/indicacao_429.pdf","data_ultima_atualizacao":"2021-11-09T16:15:54.269967-03:00","ip":"138.94.148.14","ultima_edicao":"2021-11-09T16:13:12.914896-03:00","tipo":2,"regime_tramitacao":2,"tipo_origem_externa":null,"local_origem_externa":null,"user":1,"anexadas":[],"autores":[37,38]}