{"id":3130,"__str__":"Requerimento n\u00ba 151 de 2021","link_detail_backend":"/materia/3130","metadata":{},"numero":151,"ano":2021,"numero_protocolo":null,"data_apresentacao":"2021-08-30","tipo_apresentacao":"E","data_publicacao":null,"numero_origem_externa":"","ano_origem_externa":null,"data_origem_externa":null,"apelido":"","dias_prazo":null,"data_fim_prazo":null,"em_tramitacao":false,"polemica":false,"objeto":"","complementar":false,"ementa":"Requer ao Secret\u00e1rio de Obras e \u00e0 Secret\u00e1ria de Tr\u00e2nsito que informem se h\u00e1 projeto para implanta\u00e7\u00e3o de ilumina\u00e7\u00e3o p\u00fablica, recupera\u00e7\u00e3o da pavimenta\u00e7\u00e3o asf\u00e1ltica e revitaliza\u00e7\u00e3o da sinaliza\u00e7\u00e3o do tr\u00e2nsito com implanta\u00e7\u00e3o de sistema de redu\u00e7\u00e3o de velocidade na rodovia MG-164, no trecho sob responsabilidade do munic\u00edpio (trecho entre as Ch\u00e1caras Cristais e Bairro de F\u00e1tima); devendo encaminhar c\u00f3pia dos projetos e cronograma de execu\u00e7\u00e3o. Em caso negativo, requer ainda que informe se as obras mencionadas ser\u00e3o inclu\u00eddas no PPA 2022-2025. Justificativa: Trata-se de trecho da rodovia MG-164 localizado em per\u00edmetro urbano, no qual os ve\u00edculos t\u00eam trafegado em alta velocidade, pelo que h\u00e1 incid\u00eancia de acidentes graves como o ocorrido em 11/08/2021, que resultou em uma v\u00edtima gravemente ferida. Al\u00e9m disso, trata-se de uma regi\u00e3o do munic\u00edpio em expans\u00e3o urbana, com advento de v\u00e1rios bairros novos, pelo que \u00e9 necess\u00e1rio que a via esteja em condi\u00e7\u00f5es seguras e bem sinalizada.","indexacao":"ILUMINA\u00c7\u00c3O P\u00daBLICA PAVIMENTA\u00c7\u00c3O REVITALIZA\u00c7\u00c3O REDU\u00c7\u00c3O VELOCIDADE RODOVIA MG-164 PPA","observacao":"","resultado":"","texto_original":"http://sapl.bomdespacho.mg.leg.br/media/sapl/public/materialegislativa/2021/3130/requerimento_151.pdf","data_ultima_atualizacao":"2021-08-31T14:42:04.088881-03:00","ip":"138.94.148.14","ultima_edicao":"2021-08-31T14:39:09.489255-03:00","tipo":1,"regime_tramitacao":2,"tipo_origem_externa":null,"local_origem_externa":null,"user":1,"anexadas":[],"autores":[37,38,39]}