{"id":2983,"__str__":"Requerimento n\u00ba 115 de 2021","link_detail_backend":"/materia/2983","metadata":{},"numero":115,"ano":2021,"numero_protocolo":null,"data_apresentacao":"2021-06-07","tipo_apresentacao":"E","data_publicacao":null,"numero_origem_externa":"","ano_origem_externa":null,"data_origem_externa":null,"apelido":"","dias_prazo":null,"data_fim_prazo":null,"em_tramitacao":false,"polemica":false,"objeto":"","complementar":false,"ementa":"Requer a Sra. Secret\u00e1ria de Educa\u00e7\u00e3o que informe a quantidade de alunos que retornaram as aulas por escola; se houve casos suspeitos ou confirmados entre os servidores e alunos neste per\u00edodo de retorno; se os servidores da educa\u00e7\u00e3o foram vacinados ou se h\u00e1 cronograma para vacina\u00e7\u00e3o dos mesmos; bem como quais os protocolos de seguran\u00e7a est\u00e3o sendo adotados. Justificativa: Este vereador acompanha os ve\u00edculos de comunica\u00e7\u00e3o do Poder Executivo, pelo que notou que a Vice-Prefeita foi a principal personagem de divulga\u00e7\u00e3o do retorno as aulas, tendo inclusive visitado e dialogado com servidores e alunos. Ocorre que a Vice-Prefeita testou positivo para Covid-19, conforme publica\u00e7\u00e3o em rede social no dia 21/05/2021, apenas 5 dias ap\u00f3s contato com os servidores e alunos. Por essas raz\u00f5es, faz-se o presente requerimento.","indexacao":"AULAS ESCOLA VACINADOS","observacao":"","resultado":"","texto_original":"http://sapl.bomdespacho.mg.leg.br/media/sapl/public/materialegislativa/2021/2983/requerimento_115.pdf","data_ultima_atualizacao":"2021-06-08T16:08:57.646959-03:00","ip":"138.94.148.14","ultima_edicao":"2021-06-08T14:55:29.961658-03:00","tipo":1,"regime_tramitacao":2,"tipo_origem_externa":null,"local_origem_externa":null,"user":1,"anexadas":[],"autores":[33]}