{"id":2764,"__str__":"Requerimento n\u00ba 59 de 2021","link_detail_backend":"/materia/2764","metadata":{},"numero":59,"ano":2021,"numero_protocolo":null,"data_apresentacao":"2021-03-15","tipo_apresentacao":"E","data_publicacao":null,"numero_origem_externa":"","ano_origem_externa":null,"data_origem_externa":null,"apelido":"","dias_prazo":null,"data_fim_prazo":null,"em_tramitacao":false,"polemica":false,"objeto":"","complementar":false,"ementa":"Requer da Secretaria da Sa\u00fade que seja esclarecido os crit\u00e9rios utilizados para vacina\u00e7\u00e3o dos profissionais de Educa\u00e7\u00e3o F\u00edsica. Justificativa: Dado a situa\u00e7\u00e3o calamitosa da pandemia e a necessidade de vacina\u00e7\u00e3o da popula\u00e7\u00e3o, torna-se indispens\u00e1vel tais informa\u00e7\u00f5es.","indexacao":"CRIT\u00c9RIOS VACINA\u00c7\u00c3O EDUCA\u00c7\u00c3O F\u00cdSICA","observacao":"","resultado":"","texto_original":"http://sapl.bomdespacho.mg.leg.br/media/sapl/public/materialegislativa/2021/2764/requerimento-59.pdf","data_ultima_atualizacao":"2021-03-22T10:39:34.337319-03:00","ip":"186.195.94.162","ultima_edicao":"2021-03-22T10:37:19.311473-03:00","tipo":1,"regime_tramitacao":2,"tipo_origem_externa":null,"local_origem_externa":null,"user":1,"anexadas":[],"autores":[33,37,38]}