{"id":2613,"__str__":"Requerimento n\u00ba 8 de 2021","link_detail_backend":"/materia/2613","metadata":{},"numero":8,"ano":2021,"numero_protocolo":null,"data_apresentacao":"2021-02-08","tipo_apresentacao":"E","data_publicacao":null,"numero_origem_externa":"","ano_origem_externa":null,"data_origem_externa":null,"apelido":"","dias_prazo":null,"data_fim_prazo":null,"em_tramitacao":false,"polemica":false,"objeto":"","complementar":false,"ementa":"Requer ao Senhor Prefeito Municipal o encaminhamento a esta Casa Legislativa dos seguintes c\u00e1lculos, estudos e informa\u00e7\u00f5es, para munir o Projeto de Lei Complementar que altera dispositivos da Lei Complementar N\u00ba 1, de 18 de maio de 2015: Relat\u00f3rio sobre a revis\u00e3o da legisla\u00e7\u00e3o municipal, as an\u00e1lises e os estudos que foram feitos previamente \u00e0 elabora\u00e7\u00e3o do Projeto de Lei. A comprova\u00e7\u00e3o do d\u00e9ficit atuarial que o Poder Executivo e o BDPREV afirmam que existe no regime, feita por profissional habilitado e especializado, com o demonstrativo detalhado da evolu\u00e7\u00e3o dos c\u00e1lculos. A compara\u00e7\u00e3o cont\u00e1bil e atuarial da situa\u00e7\u00e3o do BDPREV antes e ap\u00f3s a promulga\u00e7\u00e3o da Lei n\u00ba 2.740, de 20 de julho de 2020, demonstrando se o desequil\u00edbrio nas contas persistiu depois que o aux\u00edlio-doen\u00e7a, o sal\u00e1rio-maternidade, o aux\u00edlio-reclus\u00e3o e o sal\u00e1rio-fam\u00edlia deixaram de ser responsabilidade do Instituto. Em caso de persist\u00eancia do desequil\u00edbrio os c\u00e1lculos dever\u00e3o demonstrar qual a dimens\u00e3o. A demonstra\u00e7\u00e3o de","indexacao":"BDPREV D\u00c9FICIT SAL\u00c1RIO-FAM\u00cdLIA","observacao":"","resultado":"","texto_original":"http://sapl.bomdespacho.mg.leg.br/media/sapl/public/materialegislativa/2021/2613/requerimento-08.pdf","data_ultima_atualizacao":"2021-03-01T15:17:12.088796-03:00","ip":"138.94.148.14","ultima_edicao":"2021-03-01T14:47:11.879880-03:00","tipo":1,"regime_tramitacao":2,"tipo_origem_externa":null,"local_origem_externa":null,"user":1,"anexadas":[],"autores":[32]}