{"id":2608,"__str__":"Indica\u00e7\u00e3o n\u00ba 109 de 2021","link_detail_backend":"/materia/2608","metadata":{},"numero":109,"ano":2021,"numero_protocolo":77,"data_apresentacao":"2021-02-22","tipo_apresentacao":"E","data_publicacao":null,"numero_origem_externa":"","ano_origem_externa":null,"data_origem_externa":null,"apelido":"","dias_prazo":null,"data_fim_prazo":null,"em_tramitacao":false,"polemica":false,"objeto":"","complementar":false,"ementa":"UBS S\u00c3O VICENTE: Senhora Presidente, os vereadores que este subscreve, com assento nesta Casa Legislativa, vem perante Vossa Excel\u00eancia, amparados no art. 141 do Regimento Interno c/c artigo 71 da Lei Org\u00e2nica Municipal e demais disposi\u00e7\u00f5es legais, solicitar a leitura e o encaminhamento ao Sr. Bertolino da Costa Neto, Prefeito Municipal.\r\nINDICA\u00c7\u00c2O:  Trocar as duas cadeiras odontol\u00f3gicas que est\u00e3o em p\u00e9ssimo estado de conserva\u00e7\u00e3o, com luzes quebradas, sugadores estragados, bem como cadeiras fixas sem movimenta\u00e7\u00e3o mec\u00e2nica, uma vez que elas n\u00e3o possuem condi\u00e7\u00f5es ergon\u00f4micas para o paciente e para os trabalhadores, al\u00e9m da regulariza\u00e7\u00e3o da contrata\u00e7\u00e3o dos profissionais que est\u00e3o com contrato em aditivo sem saber o que ser\u00e1 do atendimento odontol\u00f3gico nos bairros S\u00e3o Vicente e Aeroporto. Vereadores S\u00e2mara Diretora e Professor \u00c9der Tipura.","indexacao":"CADEIRAS ODONTOL\u00d3GICAS LUZES","observacao":"","resultado":"","texto_original":"http://sapl.bomdespacho.mg.leg.br/media/sapl/public/materialegislativa/2021/2608/indicacao-109.pdf","data_ultima_atualizacao":"2021-03-01T14:22:48.609388-03:00","ip":"138.94.148.14","ultima_edicao":"2021-03-01T14:21:09.979668-03:00","tipo":2,"regime_tramitacao":2,"tipo_origem_externa":null,"local_origem_externa":null,"user":1,"anexadas":[],"autores":[33,37]}