{"id":2595,"__str__":"Indica\u00e7\u00e3o n\u00ba 96 de 2021","link_detail_backend":"/materia/2595","metadata":{},"numero":96,"ano":2021,"numero_protocolo":null,"data_apresentacao":"2021-02-22","tipo_apresentacao":"E","data_publicacao":null,"numero_origem_externa":"","ano_origem_externa":null,"data_origem_externa":null,"apelido":"","dias_prazo":null,"data_fim_prazo":null,"em_tramitacao":false,"polemica":false,"objeto":"","complementar":false,"ementa":"Indica ao Senhor Prefeito Municipal que seja providenciada junto \u00e0 secretaria de tr\u00e2nsito uma solu\u00e7\u00e3o urgente para regulamentar o passe livre para as pessoas carentes com defici\u00eancia na cidade de Bom Despacho/MG, assim como as lota\u00e7\u00f5es (transportes p\u00fablicos) funcionem at\u00e9 \u00e0s 24h em todos os bairros, inclusive os mais long\u00ednquos. Justificativa: J\u00e1 existe previs\u00e3o legal na legisla\u00e7\u00e3o federal. Dentre os diplomas jur\u00eddicos protetivos dos portadores de defici\u00eancia, podemos destacar a Lei federal n.\u00b0 8.899/1994, que em seu artigo 1\u00b0 disp\u00f5e: \"\u00e9 concedido passe livre \u00e0s pessoas portadoras de defici\u00eancia, comprovadamente carentes, no sistema de transporte coletivo interestadual\".","indexacao":"passe livre defici\u00eancia","observacao":"","resultado":"","texto_original":"http://sapl.bomdespacho.mg.leg.br/media/sapl/public/materialegislativa/2021/2595/indicacao-96.pdf","data_ultima_atualizacao":"2021-03-01T13:24:27.260845-03:00","ip":"138.94.148.14","ultima_edicao":"2021-03-01T13:22:10.224497-03:00","tipo":2,"regime_tramitacao":2,"tipo_origem_externa":null,"local_origem_externa":null,"user":1,"anexadas":[],"autores":[38]}