{"id":2526,"__str__":"Indica\u00e7\u00e3o n\u00ba 43 de 2021","link_detail_backend":"/materia/2526","metadata":{},"numero":43,"ano":2021,"numero_protocolo":49,"data_apresentacao":"2021-02-01","tipo_apresentacao":"E","data_publicacao":null,"numero_origem_externa":"","ano_origem_externa":null,"data_origem_externa":null,"apelido":"","dias_prazo":null,"data_fim_prazo":null,"em_tramitacao":false,"polemica":false,"objeto":"","complementar":false,"ementa":"Indica ao Senhor Prefeito Municipal a adequa\u00e7\u00e3o da ilumina\u00e7\u00e3o p\u00fablica na Rua Bras\u00edlia, Bairro S\u00e3o Jos\u00e9. Justificativa: A Vereadora foi procurada por moradores do referido bairro. A troca e a instala\u00e7\u00e3o de l\u00e2mpadas de LED trar\u00e1 melhorias e seguran\u00e7a a todos.","indexacao":"BRAS\u00cdLIA S\u00c3O JOS\u00c9","observacao":"","resultado":"","texto_original":"http://sapl.bomdespacho.mg.leg.br/media/sapl/public/materialegislativa/2021/2526/indicacao-43.pdf","data_ultima_atualizacao":"2021-02-05T13:14:48.584951-03:00","ip":"138.94.148.14","ultima_edicao":"2021-02-05T13:13:09.940787-03:00","tipo":2,"regime_tramitacao":2,"tipo_origem_externa":null,"local_origem_externa":null,"user":1,"anexadas":[],"autores":[37]}