{"id":214,"__str__":"Requerimento n\u00ba 259 de 2018","link_detail_backend":"/materia/214","metadata":{},"numero":259,"ano":2018,"numero_protocolo":null,"data_apresentacao":"2018-11-19","tipo_apresentacao":"E","data_publicacao":null,"numero_origem_externa":"","ano_origem_externa":null,"data_origem_externa":null,"apelido":"","dias_prazo":null,"data_fim_prazo":null,"em_tramitacao":false,"polemica":null,"objeto":"","complementar":null,"ementa":"Requer da secret\u00e1ria de sa\u00fade que informe: Quantos m\u00e9dicos cubanos h\u00e1 no munic\u00edpio de Bom Despacho do Programa Mais M\u00e9dicos? Se caso haja o rompimento do governo federal com o Programa Mais M\u00e9dicos a secretaria de sa\u00fade j\u00e1 est\u00e1 analisando como suprir as vagas que por ventura ficar\u00e3o em aberto?","indexacao":"Sa\u00fade, Programa Mais M\u00e9dicos","observacao":"","resultado":"","texto_original":"http://sapl.bomdespacho.mg.leg.br/media/sapl/public/materialegislativa/2018/214/requerimento_259.pdf","data_ultima_atualizacao":"2018-11-26T16:21:29.846236-02:00","ip":"","ultima_edicao":null,"tipo":1,"regime_tramitacao":2,"tipo_origem_externa":null,"local_origem_externa":null,"user":null,"anexadas":[],"autores":[5]}