{"id":2096,"__str__":"Requerimento n\u00ba 210 de 2020","link_detail_backend":"/materia/2096","metadata":{},"numero":210,"ano":2020,"numero_protocolo":140,"data_apresentacao":"2020-08-03","tipo_apresentacao":"E","data_publicacao":null,"numero_origem_externa":"","ano_origem_externa":null,"data_origem_externa":null,"apelido":"","dias_prazo":null,"data_fim_prazo":null,"em_tramitacao":false,"polemica":null,"objeto":"","complementar":null,"ementa":"Requerimento n\u00ba \u00ac\u00ac\u00ac_____/2020\r\n\r\n\r\n\tSenhora Presidente,\r\n\r\n\r\nA vereadora que a este subscreve, com assento nesta Casa Legislativa, vem perante Vossa Excel\u00eancia, amparados no art. 111 do Regimento Interno c/c artigo 71 da Lei Org\u00e2nica Municipal e demais disposi\u00e7\u00f5es legais, solicitar a inclus\u00e3o do presente requerimento para aprecia\u00e7\u00e3o e vota\u00e7\u00e3o do Plen\u00e1rio, \r\n\r\nRequer que seja concedida uma mo\u00e7\u00e3o de congratula\u00e7\u00e3o a Escriv\u00e3 de Pol\u00edcia, C\u00e1ssia Tavares Dias, pelos relevantes servi\u00e7os prestados na Pol\u00edcia Civil de Minas Gerais. JUSTIFICATIVA: A escriv\u00e3, C\u00e1ssia Tavares Dias, dedicou 24 anos de servi\u00e7os a nossa sociedade e agora colhe os frutos de sua aposentadoria. Atuou em v\u00e1rias Delegacias, mas sempre gostou de atuar nos crimes contra o patrim\u00f4nio e tr\u00e2nsito. A sua marca registrada \u00e9 o expressivo sorriso com o qual sempre acolhia as pessoas que a procuravam. Nesta oportunidade, requeiro esta justa homenagem a mais uma mulher que contribuiu, significativamente, pela seguran\u00e7a p\u00fablica e o engrandecimento de nossa cidade.\r\nBom Despacho,  03 de agosto de 2020.\r\n\r\nVereadora Rose Delegada","indexacao":"mo\u00e7\u00e3o escriv\u00e3 pol\u00edcia c\u00e1ssia","observacao":"","resultado":"","texto_original":"http://sapl.bomdespacho.mg.leg.br/media/sapl/public/materialegislativa/2020/2096/requerimento_210.pdf","data_ultima_atualizacao":"2020-08-05T15:42:47.149079-03:00","ip":"138.94.148.14","ultima_edicao":"2020-08-05T15:41:57.730732-03:00","tipo":1,"regime_tramitacao":2,"tipo_origem_externa":null,"local_origem_externa":null,"user":1,"anexadas":[],"autores":[8]}