{"id":2042,"__str__":"Indica\u00e7\u00e3o n\u00ba 316 de 2020","link_detail_backend":"/materia/2042","metadata":{},"numero":316,"ano":2020,"numero_protocolo":127,"data_apresentacao":"2020-07-13","tipo_apresentacao":"E","data_publicacao":null,"numero_origem_externa":"","ano_origem_externa":null,"data_origem_externa":null,"apelido":"","dias_prazo":null,"data_fim_prazo":null,"em_tramitacao":false,"polemica":null,"objeto":"","complementar":null,"ementa":"Indica\u00e7\u00e3o n\u00ba \u00ac\u00ac\u00ac_____/2020\r\n\r\n\r\n\tSenhora Presidente,\r\n\r\n\r\n\tA Vereadora que este subscreve, com assento nesta Casa Legislativa, vem perante Vossa Excel\u00eancia, amparada no art. 141 do Regimento Interno c/c artigo 71 da Lei Org\u00e2nica Municipal e demais disposi\u00e7\u00f5es legais, solicitar a leitura e o encaminhamento ao Dr Berlolino, Excelent\u00edssimo Prefeito Municipal, da seguinte indica\u00e7\u00e3o.\r\n\r\n\r\n\t\tINDICA\u00c7\u00c3O\r\n\r\n\r\n\tQue sejam realizados estudos atrav\u00e9s da Secretaria de Transito e Transportes buscando alternativas que possibilitem a diminui\u00e7\u00e3o do fluxo de ve\u00edculos, especialmente de carga na Rua Gabriel Tavares e Avenida Manoel da Costa Gontijo, Bairro de F\u00e1tima. \r\n\t\r\n\t\r\n\t\tJUSTIFICATIVA:\r\n\r\n\tTrata-se de reivindica\u00e7\u00e3o dos moradores. H\u00e1 um intenso trafego de ve\u00edculos nas referidas vias, o que coloca os usu\u00e1rios da via em constante situa\u00e7\u00e3o de risco. A cria\u00e7\u00e3o de trajetos alternativos poder\u00e1 minimizar a situa\u00e7\u00e3o e diminuir o n\u00famero de acidentes.\r\n\r\n\r\n\tBom Despacho, 10 de julho de 2020.\r\n\r\n\r\n\r\nVereadora Rose Delegada","indexacao":"fluxo ve\u00edculos Gabriel","observacao":"","resultado":"","texto_original":"http://sapl.bomdespacho.mg.leg.br/media/sapl/public/materialegislativa/2020/2042/indicacao_316.pdf","data_ultima_atualizacao":"2020-07-14T13:08:32.990753-03:00","ip":"138.94.148.14","ultima_edicao":"2020-07-14T13:08:32.853926-03:00","tipo":2,"regime_tramitacao":2,"tipo_origem_externa":null,"local_origem_externa":null,"user":1,"anexadas":[],"autores":[8]}