{"id":1863,"__str__":"Indica\u00e7\u00e3o n\u00ba 228 de 2020","link_detail_backend":"/materia/1863","metadata":{},"numero":228,"ano":2020,"numero_protocolo":null,"data_apresentacao":"2020-06-08","tipo_apresentacao":"E","data_publicacao":null,"numero_origem_externa":"","ano_origem_externa":null,"data_origem_externa":null,"apelido":"","dias_prazo":null,"data_fim_prazo":null,"em_tramitacao":false,"polemica":null,"objeto":"","complementar":null,"ementa":"Indica aos demais vereadores desta casa assinar a EMENDA (em anexo), elaborada por este Vereador, nesta oportunidade, ao Projeto de Resolu\u00e7\u00e3o 18/2019, que disp\u00f5e sobre os subs\u00eddios dos Vereadores da C\u00e2mara Municipal de Bom Despacho para a legislatura 2021/2024, com a seguinte reda\u00e7\u00e3o:\r\n\r\nO art. 8\u00ba do presente Projeto de Resolu\u00e7\u00e3o passa a vigorar com a seguinte reda\u00e7\u00e3o:\r\n\r\nArt. 8\u00ba. Esta Lei entra em vigor na data de sua publica\u00e7\u00e3o, retroagindo seus efeitos a 1\u00ba de junho de 2020.\r\n\r\n\r\nJustificativa: Na vota\u00e7\u00e3o em primeiro turno do presente projeto, bem como nos \u00faltimos dias ap\u00f3s a vota\u00e7\u00e3o, todos os vereadores se posicionaram a favor da redu\u00e7\u00e3o dos sal\u00e1rios dos vereadores. Percebi, tamb\u00e9m, que um dos argumentos mais utilizados foi no sentido de que temos que \u201ccortar na carne\u201d, sobretudo na crise atual pela qual passa o nosso pa\u00eds. Assim, nada mais justo que o novo subs\u00eddio seja fixado e diminu\u00eddo n\u00e3o atinja apenas para os novos vereadores da pr\u00f3xima legislatura, mas tamb\u00e9m todos n\u00f3s vereadores,","indexacao":"EMENDA RESOLU\u00c7\u00c3O 18/2019 SUBS\u00cdDIO","observacao":"","resultado":"","texto_original":"http://sapl.bomdespacho.mg.leg.br/media/sapl/public/materialegislativa/2020/1863/indicacao_228.pdf","data_ultima_atualizacao":"2020-06-09T15:02:34.142364-03:00","ip":"138.94.148.14","ultima_edicao":"2020-06-09T14:59:51.834411-03:00","tipo":2,"regime_tramitacao":2,"tipo_origem_externa":null,"local_origem_externa":null,"user":1,"anexadas":[],"autores":[3]}