{"id":1720,"__str__":"Indica\u00e7\u00e3o n\u00ba 143 de 2020","link_detail_backend":"/materia/1720","metadata":{},"numero":143,"ano":2020,"numero_protocolo":null,"data_apresentacao":"2020-05-11","tipo_apresentacao":"E","data_publicacao":null,"numero_origem_externa":"","ano_origem_externa":null,"data_origem_externa":null,"apelido":"","dias_prazo":null,"data_fim_prazo":null,"em_tramitacao":false,"polemica":null,"objeto":"","complementar":null,"ementa":"Indica ao prefeito municipal que apresente como Projeto de Lei o Anteprojeto anexo, que cria isen\u00e7\u00e3o tarif\u00e1ria no transporte coletivo urbano de passageiros para pessoas com defici\u00eancia e portadoras das enfermidades que menciona, adequando a pol\u00edtica social de garantia de direitos a pessoas com defici\u00eancia \u00e0 decis\u00e3o judicial proferida pelo Tribunal de Justi\u00e7a de Minas Gerais.","indexacao":"ANTEPROJETO DEFICI\u00caNCIA TRIBUNAL","observacao":"","resultado":"","texto_original":"http://sapl.bomdespacho.mg.leg.br/media/sapl/public/materialegislativa/2020/1720/indicacao_143.pdf","data_ultima_atualizacao":"2020-05-13T13:36:58.128224-03:00","ip":"138.94.148.14","ultima_edicao":"2020-05-13T13:33:04.857798-03:00","tipo":2,"regime_tramitacao":2,"tipo_origem_externa":null,"local_origem_externa":null,"user":1,"anexadas":[],"autores":[4]}