{"id":1584,"__str__":"Indica\u00e7\u00e3o n\u00ba 63 de 2020","link_detail_backend":"/materia/1584","metadata":{},"numero":63,"ano":2020,"numero_protocolo":23,"data_apresentacao":"2020-03-02","tipo_apresentacao":"E","data_publicacao":null,"numero_origem_externa":"","ano_origem_externa":null,"data_origem_externa":null,"apelido":"","dias_prazo":null,"data_fim_prazo":null,"em_tramitacao":false,"polemica":null,"objeto":"","complementar":null,"ementa":"Indica\u00e7\u00e3o n\u00ba _____/2020\r\n\r\n\r\n\tSenhora Presidente,\r\n\r\n\r\n\tA Vereadora que este subscreve, com assento nesta Casa Legislativa, vem perante Vossa Excel\u00eancia, amparados no art. 141 do Regimento Interno c/c artigo 71 da Lei Org\u00e2nica Municipal e demais disposi\u00e7\u00f5es legais, solicitar a leitura e o encaminhamento ao Sr. Juliano Barreto, Excelent\u00edssimo Secret\u00e1rio de Obras, a seguinte indica\u00e7\u00e3o:\r\n\r\n\r\n\tQue seja estendida a sinaliza\u00e7\u00e3o \u201cProibido Estacionar\u201d em um dos lados  de toda a extens\u00e3o Rua S\u00e3o Jos\u00e9, Bairro Centro, assim como estabelecida no quarteir\u00e3o da \u201cNhac Bom\u201d. \r\n\r\n\r\n\t\tJUSTIFICATIVA:\r\n\r\n\tEsta vereadora foi procurada pelo senhor Leonardo Castro, residente na referida rua. Ele parabenizou a administra\u00e7\u00e3o p\u00fablica por ter sinalizado \u201cProibido Estacionar\u201d em um dos lados da referida via, no quarteir\u00e3o da \u201cNhac Bom\u201d, solicitando a extens\u00e3o da referida sinaliza\u00e7\u00e3o at\u00e9 o final da Rua S\u00e3o Jos\u00e9.  Tal altera\u00e7\u00e3o melhorar\u00e1 a fluidez do tr\u00e2nsito, principalmente no final da Avenida S\u00e3o Vicente.\r\n\r\n\tBom Despacho, 02 de mar\u00e7o de 2020.\r\n\r\n\r\n\r\nVereadora Rose Delegada","indexacao":"NHAC BOM LEONARDO PROIBIDO","observacao":"","resultado":"","texto_original":"http://sapl.bomdespacho.mg.leg.br/media/sapl/public/materialegislativa/2020/1584/indicacao_63.pdf","data_ultima_atualizacao":"2020-03-03T15:46:41.450287-03:00","ip":"138.94.148.14","ultima_edicao":null,"tipo":2,"regime_tramitacao":2,"tipo_origem_externa":null,"local_origem_externa":null,"user":1,"anexadas":[],"autores":[8]}