{"id":1472,"__str__":"Indica\u00e7\u00e3o n\u00ba 8 de 2020","link_detail_backend":"/materia/1472","metadata":{},"numero":8,"ano":2020,"numero_protocolo":7,"data_apresentacao":"2020-02-03","tipo_apresentacao":"E","data_publicacao":null,"numero_origem_externa":"","ano_origem_externa":null,"data_origem_externa":null,"apelido":"","dias_prazo":null,"data_fim_prazo":null,"em_tramitacao":false,"polemica":null,"objeto":"","complementar":null,"ementa":"O vereador abaixo subscrito , requer da mesa diretora que seja encaminhada ao Sr prefeito a seguinte indica\u00e7\u00e3o:\r\nAo tempo em que parabeniza a Administra\u00e7\u00e3o pelas trocas das lampadas de vapor de s\u00f3dio por LED, j\u00e1 efetuadas em grande parte do munic\u00edpio, indica e sugere que at\u00e9 que se possa realizar 100% do servi\u00e7o,  seja priorizado a troca nos cruzamentos onde a sensa\u00e7\u00e3o de escurid\u00e3o \u00e9 maior.","indexacao":"L\u00c2MPADAS, LED,CRUZAMENTOS","observacao":"","resultado":"","texto_original":"http://sapl.bomdespacho.mg.leg.br/media/sapl/public/materialegislativa/2020/1472/indicacao_08.pdf","data_ultima_atualizacao":"2020-02-04T15:16:20.281754-03:00","ip":"138.94.148.14","ultima_edicao":null,"tipo":2,"regime_tramitacao":2,"tipo_origem_externa":null,"local_origem_externa":null,"user":1,"anexadas":[],"autores":[9]}