{"id":1286,"__str__":"Indica\u00e7\u00e3o n\u00ba 888 de 2019","link_detail_backend":"/materia/1286","metadata":{},"numero":888,"ano":2019,"numero_protocolo":null,"data_apresentacao":"2019-11-11","tipo_apresentacao":"E","data_publicacao":null,"numero_origem_externa":"","ano_origem_externa":null,"data_origem_externa":null,"apelido":"","dias_prazo":null,"data_fim_prazo":null,"em_tramitacao":false,"polemica":null,"objeto":"","complementar":null,"ementa":"Indica ao prefeito municipal que fa\u00e7a uma opera\u00e7\u00e3o tapa buracos na rua Vicente Ferreira Assump\u00e7\u00e3o e melhore a ilumina\u00e7\u00e3o da mesma rua. Justificativa: A rua est\u00e1 em um estado lastim\u00e1vel, com risco frequente de acidentes, a ilumina\u00e7\u00e3o \u00e9 prec\u00e1ria deixando as pessoas que transitam no local vulner\u00e1veis a viol\u00eancia. A presente indica\u00e7\u00e3o foi apresentada pela C\u00e2mara Jovem atrav\u00e9s do Vereador Jovem Daniel Cortez.","indexacao":"BURACOS, ILUMINA\u00c7\u00c3O, VIOL\u00caNCIA","observacao":"","resultado":"","texto_original":"http://sapl.bomdespacho.mg.leg.br/media/sapl/public/materialegislativa/2019/1286/indicacao_705.pdf","data_ultima_atualizacao":"2019-11-12T16:53:47.570993-03:00","ip":"138.94.148.14","ultima_edicao":null,"tipo":2,"regime_tramitacao":2,"tipo_origem_externa":null,"local_origem_externa":null,"user":1,"anexadas":[],"autores":[4]}