{"id":2793,"__str__":"Parecer T\u00e9cnico - PARECER SETOR CONT\u00c1BIL de 07/03/2023 por SETOR CONT\u00c1BIL","link_detail_backend":"/materia/documentoacessorio/2793","metadata":{},"nome":"PARECER SETOR CONT\u00c1BIL","data":"2023-03-07","autor":"SETOR CONT\u00c1BIL","ementa":"","indexacao":"","arquivo":"http://sapl.bomdespacho.mg.leg.br/media/sapl/public/documentoacessorio/2023/2793/parecer_setor_contabil.pdf","data_ultima_atualizacao":"2023-03-07T17:44:46.209252-03:00","materia":4149,"tipo":1}