{"id":2777,"__str__":"Parecer T\u00e9cnico - PARECER  DA PROCURADORIAJUR\u00cdDICA de 09/02/2023 por PROCURADORIA JUR\u00cdDICA","link_detail_backend":"/materia/documentoacessorio/2777","metadata":{},"nome":"PARECER  DA PROCURADORIAJUR\u00cdDICA","data":"2023-02-09","autor":"PROCURADORIA JUR\u00cdDICA","ementa":"","indexacao":"","arquivo":"http://sapl.bomdespacho.mg.leg.br/media/sapl/public/documentoacessorio/2023/2777/parecer_procuradoria_juridica.pdf","data_ultima_atualizacao":"2023-03-03T12:57:17.578644-03:00","materia":4114,"tipo":1}