{"id":2755,"__str__":"Parecer T\u00e9cnico - PARECER SETOR CONT\u00c1BIL de 08/02/2023 por SETOR CONT\u00c1BIL","link_detail_backend":"/materia/documentoacessorio/2755","metadata":{},"nome":"PARECER SETOR CONT\u00c1BIL","data":"2023-02-08","autor":"SETOR CONT\u00c1BIL","ementa":"","indexacao":"","arquivo":"http://sapl.bomdespacho.mg.leg.br/media/sapl/public/documentoacessorio/2023/2755/parecer_setor_contabil_08-02-2023.pdf","data_ultima_atualizacao":"2023-02-16T14:17:03.032227-03:00","materia":4106,"tipo":1}