{"id":221,"__str__":"Manifesta\u00e7\u00e3o - Reportagem da C\u00e2mara de 12/11/2019 por ","link_detail_backend":"/materia/documentoacessorio/221","metadata":{},"nome":"Reportagem da C\u00e2mara","data":"2019-11-12","autor":"","ementa":"","indexacao":"","arquivo":"http://sapl.bomdespacho.mg.leg.br/media/sapl/public/documentoacessorio/2019/221/noticia_camarabd.pdf","data_ultima_atualizacao":"2019-11-12T17:53:32.193278-03:00","materia":528,"tipo":14}