{"id":177,"__str__":"Parecer - Comiss\u00e3o de Legisla\u00e7\u00e3o, Justi\u00e7a e Reda\u00e7\u00e3o final de 23/09/2019 por Comiss\u00e3o de Legisla\u00e7\u00e3o, Justi\u00e7a e Reda\u00e7\u00e3o final","link_detail_backend":"/materia/documentoacessorio/177","metadata":{},"nome":"Comiss\u00e3o de Legisla\u00e7\u00e3o, Justi\u00e7a e Reda\u00e7\u00e3o final","data":"2019-09-23","autor":"Comiss\u00e3o de Legisla\u00e7\u00e3o, Justi\u00e7a e Reda\u00e7\u00e3o final","ementa":"","indexacao":"","arquivo":"http://sapl.bomdespacho.mg.leg.br/media/sapl/public/documentoacessorio/2018/177/parecer_da_comissao_de_legislacao_justica_e_redacao_final.pdf","data_ultima_atualizacao":"2019-10-25T12:57:58.293695-03:00","materia":590,"tipo":4}