{"id":279,"__str__":"Autoria: Marcel\u00e3o - Indica\u00e7\u00e3o n\u00ba 12 de 2019","link_detail_backend":"/materia/autoria/279","metadata":{},"primeiro_autor":true,"autor":5,"materia":279}