{"id":251,"__str__":"Autoria: Marcel\u00e3o - Indica\u00e7\u00e3o n\u00ba 496 de 2018","link_detail_backend":"/materia/autoria/251","metadata":{},"primeiro_autor":true,"autor":5,"materia":251}